{"id":9473,"date":"2021-05-27T10:40:33","date_gmt":"2021-05-27T10:40:33","guid":{"rendered":"http:\/\/www.walesnationalairshow.com\/?p=9473"},"modified":"2021-05-27T10:47:10","modified_gmt":"2021-05-27T10:47:10","slug":"y-diweddaraf-am-sioe-awyr-cymru-2021","status":"publish","type":"post","link":"https:\/\/www.walesnationalairshow.com\/cy\/airshow-news-cy\/y-diweddaraf-am-sioe-awyr-cymru-2021\/","title":{"rendered":"Y diweddaraf am Sioe Awyr Cymru 2021"},"content":{"rendered":"\n<p>Bydd rhai o&#8217;r awyrennau a&#8217;r sioeau styntiau awyr gorau erioed yn hedfan fry dros Abertawe&#8217;r haf nesaf ar \u00f4l i&#8217;r pandemig ein gorfodi i ganslo Sioe Awyr Cymru eleni.<\/p>\n\n\n\n<p>Mae&#8217;n golygu y bydd y sioe awyr fwyaf erioed yn hanes Sioe Awyr Cymru&#8217;n dychwelyd ar 2 a 3 Gorffennaf, 2022.<\/p>\n\n\n\n<p>Daw&#8217;r penderfyniad ar \u00f4l i gyfres o sioeau awyr ar draws Prydain gael eu canslo oherwydd yr ansicrwydd parhaus ynghylch gallu Llywodraeth Cymru a&#8217;r DU i gymeradwyo digwyddiadau mawr iawn i wylwyr eleni.<\/p>\n\n\n\n<p>Mae digwyddiadau yn y Rhyl, Blackpool, Weston-super-Mare a Southport eisoes wedi&#8217;u gohirio a bellach mae Cyngor Abertawe wedi derbyn, o&#8217;i anfodd braidd, y caiff Sioe Awyr Cymru 2021 ei chanslo eleni.<\/p>\n\n\n\n<p>Meddai Robert Francis-Davies, Aelod y Cabinet dros Fuddsoddi, Adfywio a Thwristiaeth, &#8220;Rydym wedi bod yno i bobl Abertawe drwy gydol y pandemig a byddwn yno i&#8217;n cymunedau wrth i ni ddod drwyddo.<\/p>\n\n\n\n<p>&#8220;Roeddem yn awyddus iawn i weld digwyddiad mwyaf am ddim Cymru i wylwyr yn dychwelyd eleni, ac rydym wedi aros mor hir \u00e2 phosib cyn gwneud penderfyniad yn y gobaith y byddai&#8217;r digwyddiad yn gallu cael ei gynnal.<\/p>\n\n\n\n<p>&#8220;Mae digwyddiadau prawf yn parhau ond does dim arwydd o hyd i nodi pryd y bydd hi\u2019n bosib codi&#8217;r cyfyngiadau ar gadw pellter cymdeithasol, neu pryd y bydd eglurder ynghylch a all y digwyddiad fynd yn ei flaen neu beidio, gan gofio bod dros 250,000 o bobl yn dod i&#8217;r digwyddiad fel arfer.<\/p>\n\n\n\n<p>Meddai&#8217;r Cyng. Francis-Davies, &#8220;Rydym am ailddechrau&#8217;n rhaglenni digwyddiadau blynyddol penigamp cyn gynted ag y mae cyfyngiadau&#8217;r pandemig yn caniat\u00e1u ar gyfer hynny. Rydym yn ymwybodol bod pobl am ddechrau mwynhau cyngherddau, digwyddiadau, perfformiadau cerdd a gwyliau eto, ac rydym yn gweithio&#8217;n galed i lunio rhaglen a allai fod ar waith erbyn diwedd 2021 ac yn gynnar y flwyddyn nesaf.<\/p>\n\n\n\n<p>&#8220;Fodd bynnag mae Sioe Awyr Cymru, sy&#8217;n cymryd misoedd i gynllunio ac sy&#8217;n denu dros 250,000 o ymwelwyr, yn cael ei chynnal cyn y pwynt lle bydd sicrwydd ynghylch a fydd cyfyngiadau a osodwyd gan lywodraethau cenedlaethol yn caniat\u00e1u digwyddiad gyda chynifer o wylwyr.<\/p>\n\n\n\n<p>&#8220;Felly, bu&#8217;n rhaid i ni wneud y penderfyniad i ganslo&#8217;r digwyddiad&#8217; Fodd bynnag, cyn gynted ag y byddwn yn cael sicrwydd am y misoedd sydd i ddod, bydd ein timau&#8217;n gweithio i gadarnhau digwyddiadau eraill.<\/p>\n\n\n\n<p>&#8220;Gallai diwedd 2021 a 2022 fod yn flwyddyn wych &#8211; rydym yn agor yr arena, bydd llai o gyfyngiadau, neu dim o gwbl, bydd digwyddiadau mawr yn dychwelyd a bydd gennym nifer o gyngherddau a gwyliau i&#8217;w mwynhau, ar \u00f4l iddynt gael eu gohirio eleni.&#8221;<\/p>\n\n\n\n<p>Roedd disgwyl i ddigwyddiad eleni, y&#8217;i hystyrir yn un o&#8217;r digwyddiadau am ddim mwyaf poblogaidd yng Nghymru ac sy&#8217;n denu cannoedd ar filoedd o ymwelwyr i Fae Abertawe, gael ei gynnal ddydd Sadwrn 3 Gorffennaf a dydd Sul 4 Gorffennaf.&nbsp;<\/p>\n\n\n\n<p>Mae t\u00eem digwyddiadau&#8217;r cyngor eisoes yn ystyried amserlen o ddigwyddiadau ar gyfer yr haf a allai fynd yn ei blaen, ac mae&#8217;n gweithio ar gynlluniau ar gyfer arddangosfa t\u00e2n gwyllt drawiadol ym mis Tachwedd a Gorymdaith y Nadolig, gan obeithio y byddwn yn gallu eu cynnal yn amodol ar ganllawiau a ffactorau eraill.&#8221;<\/p>\n\n\n\n<p>Ychwanegodd y Cyng. Francis-Davies, &#8220;Os oes un wers rydym wedi&#8217;i dysgu dros y 12 mis diwethaf, rhaid mai diogelwch y cyhoedd yw&#8217;r brif flaenoriaeth o ran COVID-19.<\/p>\n\n\n\n<p>&#8220;Ond, wrth i ni ddod allan o&#8217;r pandemig, wrth i gyfyngiadau gael eu llacio ac wrth i ni barhau i weld buddion anhygoel rhaglen frechu&#8217;r GIG, mae &#8216;na obaith ar gyfer y dyfodol.<\/p>\n\n\n\n<p>&#8220;Rydym am roi gw\u00ean yn \u00f4l ar wynebau pawb hyd yn oed os yw&#8217;r golygu weithiau y byddant yn gudd y tu \u00f4l i fygydau oherwydd y pandemig.\u201d<\/p>\n\n\n\n<p>Ychwanegodd, &#8220;Mae ein calendr digwyddiadau&#8217;n un newidiol ac rydym wedi bod yn addasu&#8217;n rhaglen ein hunain yn barhaus yn ogystal \u00e2 rhai&#8217;n partneriaid a digwyddiadau eraill yn y sector preifat mewn tirwedd sy&#8217;n fythol esblygu.&nbsp;<\/p>\n\n\n\n<p>&#8220;Rydym yn dal i gadw llygad ar yr haf a&#8217;r hydref ac yn ystyried cynnal digwyddiadau a&#8217;u galluogi i ddigwydd yn unol \u00e2 chanllawiau Llywodraeth Cymru .&#8221;<\/p>\n\n\n\n<p>Am wybodaeth am ddigwyddiadau yn Abertawe ewch i <a href=\"https:\/\/www.croesobaeabertawe.com\/events\/\" target=\"_blank\" rel=\"noreferrer noopener\">croesobaeabertawe.com<\/a><\/p>\n","protected":false},"excerpt":{"rendered":"<p>Bydd rhai o&#8217;r awyrennau a&#8217;r sioeau styntiau awyr gorau erioed yn hedfan fry dros Abertawe&#8217;r haf nesaf ar \u00f4l i&#8217;r pandemig ein gorfodi i ganslo Sioe Awyr Cymru eleni. Mae&#8217;n golygu y bydd y sioe awyr fwyaf erioed yn hanes Sioe Awyr Cymru&#8217;n dychwelyd ar 2 a 3 Gorffennaf, 2022. Daw&#8217;r penderfyniad ar \u00f4l i [&hellip;]<\/p>\n","protected":false},"author":9,"featured_media":9485,"comment_status":"closed","ping_status":"closed","sticky":false,"template":"","format":"standard","meta":{"_monsterinsights_skip_tracking":false,"_monsterinsights_sitenote_active":false,"_monsterinsights_sitenote_note":"","_monsterinsights_sitenote_category":0,"_genesis_hide_title":false,"_genesis_hide_breadcrumbs":false,"_genesis_hide_singular_image":false,"_genesis_hide_footer_widgets":false,"_genesis_custom_body_class":"","_genesis_custom_post_class":"","_genesis_layout":"","footnotes":""},"categories":[26,27],"tags":[],"class_list":{"0":"post-9473","1":"post","2":"type-post","3":"status-publish","4":"format-standard","5":"has-post-thumbnail","7":"category-airshow-news-cy","8":"category-press-releases-cy","9":"entry"},"yoast_head":"<!-- This site is optimized with the Yoast SEO plugin v25.3.1 - https:\/\/yoast.com\/wordpress\/plugins\/seo\/ -->\n<title>Y diweddaraf am Sioe Awyr Cymru 2021 - Wales Airshow<\/title>\n<meta name=\"robots\" content=\"index, follow, max-snippet:-1, max-image-preview:large, max-video-preview:-1\" \/>\n<link rel=\"canonical\" href=\"https:\/\/www.walesnationalairshow.com\/cy\/airshow-news-cy\/y-diweddaraf-am-sioe-awyr-cymru-2021\/\" \/>\n<meta property=\"og:locale\" content=\"en_US\" \/>\n<meta property=\"og:type\" content=\"article\" \/>\n<meta property=\"og:title\" content=\"Y diweddaraf am Sioe Awyr Cymru 2021 - Wales Airshow\" \/>\n<meta property=\"og:description\" content=\"Bydd rhai o&#8217;r awyrennau a&#8217;r sioeau styntiau awyr gorau erioed yn hedfan fry dros Abertawe&#8217;r haf nesaf ar \u00f4l i&#8217;r pandemig ein gorfodi i ganslo Sioe Awyr Cymru eleni. Mae&#8217;n golygu y bydd y sioe awyr fwyaf erioed yn hanes Sioe Awyr Cymru&#8217;n dychwelyd ar 2 a 3 Gorffennaf, 2022. Daw&#8217;r penderfyniad ar \u00f4l i [&hellip;]\" \/>\n<meta property=\"og:url\" content=\"https:\/\/www.walesnationalairshow.com\/cy\/airshow-news-cy\/y-diweddaraf-am-sioe-awyr-cymru-2021\/\" \/>\n<meta property=\"og:site_name\" content=\"Wales Airshow\" \/>\n<meta property=\"article:publisher\" content=\"https:\/\/www.facebook.com\/WalesNationalAirShow\/\" \/>\n<meta property=\"article:published_time\" content=\"2021-05-27T10:40:33+00:00\" \/>\n<meta property=\"article:modified_time\" content=\"2021-05-27T10:47:10+00:00\" \/>\n<meta property=\"og:image\" content=\"https:\/\/www.walesnationalairshow.com\/wp-content\/uploads\/2021\/05\/airshow-packed.jpg\" \/>\n\t<meta property=\"og:image:width\" content=\"1199\" \/>\n\t<meta property=\"og:image:height\" content=\"790\" \/>\n\t<meta property=\"og:image:type\" content=\"image\/jpeg\" \/>\n<meta name=\"author\" content=\"Chris Williams\" \/>\n<meta name=\"twitter:label1\" content=\"Written by\" \/>\n\t<meta name=\"twitter:data1\" content=\"Chris Williams\" \/>\n\t<meta name=\"twitter:label2\" content=\"Est. reading time\" \/>\n\t<meta name=\"twitter:data2\" content=\"3 munud\" \/>\n<script type=\"application\/ld+json\" class=\"yoast-schema-graph\">{\"@context\":\"https:\/\/schema.org\",\"@graph\":[{\"@type\":\"WebPage\",\"@id\":\"https:\/\/www.walesnationalairshow.com\/cy\/airshow-news-cy\/y-diweddaraf-am-sioe-awyr-cymru-2021\/\",\"url\":\"https:\/\/www.walesnationalairshow.com\/cy\/airshow-news-cy\/y-diweddaraf-am-sioe-awyr-cymru-2021\/\",\"name\":\"Y diweddaraf am Sioe Awyr Cymru 2021 - Wales Airshow\",\"isPartOf\":{\"@id\":\"https:\/\/www.walesnationalairshow.com\/#website\"},\"primaryImageOfPage\":{\"@id\":\"https:\/\/www.walesnationalairshow.com\/cy\/airshow-news-cy\/y-diweddaraf-am-sioe-awyr-cymru-2021\/#primaryimage\"},\"image\":{\"@id\":\"https:\/\/www.walesnationalairshow.com\/cy\/airshow-news-cy\/y-diweddaraf-am-sioe-awyr-cymru-2021\/#primaryimage\"},\"thumbnailUrl\":\"https:\/\/www.walesnationalairshow.com\/wp-content\/uploads\/2021\/05\/airshow-packed.jpg\",\"datePublished\":\"2021-05-27T10:40:33+00:00\",\"dateModified\":\"2021-05-27T10:47:10+00:00\",\"author\":{\"@id\":\"https:\/\/www.walesnationalairshow.com\/#\/schema\/person\/8b5b652570b8aac2d93e727b88137a39\"},\"breadcrumb\":{\"@id\":\"https:\/\/www.walesnationalairshow.com\/cy\/airshow-news-cy\/y-diweddaraf-am-sioe-awyr-cymru-2021\/#breadcrumb\"},\"inLanguage\":\"cy\",\"potentialAction\":[{\"@type\":\"ReadAction\",\"target\":[\"https:\/\/www.walesnationalairshow.com\/cy\/airshow-news-cy\/y-diweddaraf-am-sioe-awyr-cymru-2021\/\"]}]},{\"@type\":\"ImageObject\",\"inLanguage\":\"cy\",\"@id\":\"https:\/\/www.walesnationalairshow.com\/cy\/airshow-news-cy\/y-diweddaraf-am-sioe-awyr-cymru-2021\/#primaryimage\",\"url\":\"https:\/\/www.walesnationalairshow.com\/wp-content\/uploads\/2021\/05\/airshow-packed.jpg\",\"contentUrl\":\"https:\/\/www.walesnationalairshow.com\/wp-content\/uploads\/2021\/05\/airshow-packed.jpg\",\"width\":1199,\"height\":790},{\"@type\":\"BreadcrumbList\",\"@id\":\"https:\/\/www.walesnationalairshow.com\/cy\/airshow-news-cy\/y-diweddaraf-am-sioe-awyr-cymru-2021\/#breadcrumb\",\"itemListElement\":[{\"@type\":\"ListItem\",\"position\":1,\"name\":\"Home\",\"item\":\"https:\/\/www.walesnationalairshow.com\/\"},{\"@type\":\"ListItem\",\"position\":2,\"name\":\"Y diweddaraf am Sioe Awyr Cymru 2021\"}]},{\"@type\":\"WebSite\",\"@id\":\"https:\/\/www.walesnationalairshow.com\/#website\",\"url\":\"https:\/\/www.walesnationalairshow.com\/\",\"name\":\"Wales Airshow\",\"description\":\"Taking to the skies over Swansea Bay on 25 and 26 July 2026\",\"potentialAction\":[{\"@type\":\"SearchAction\",\"target\":{\"@type\":\"EntryPoint\",\"urlTemplate\":\"https:\/\/www.walesnationalairshow.com\/?s={search_term_string}\"},\"query-input\":{\"@type\":\"PropertyValueSpecification\",\"valueRequired\":true,\"valueName\":\"search_term_string\"}}],\"inLanguage\":\"cy\"},{\"@type\":\"Person\",\"@id\":\"https:\/\/www.walesnationalairshow.com\/#\/schema\/person\/8b5b652570b8aac2d93e727b88137a39\",\"name\":\"Chris Williams\",\"image\":{\"@type\":\"ImageObject\",\"inLanguage\":\"cy\",\"@id\":\"https:\/\/www.walesnationalairshow.com\/#\/schema\/person\/image\/\",\"url\":\"https:\/\/secure.gravatar.com\/avatar\/8a3cd8d142a931c2d5557602a5081d26ad3a1d6e14470411bbcf757f72a21b83?s=96&d=mm&r=g\",\"contentUrl\":\"https:\/\/secure.gravatar.com\/avatar\/8a3cd8d142a931c2d5557602a5081d26ad3a1d6e14470411bbcf757f72a21b83?s=96&d=mm&r=g\",\"caption\":\"Chris Williams\"},\"url\":\"https:\/\/www.walesnationalairshow.com\/cy\/author\/chriswilliams\/\"}]}<\/script>\n<!-- \/ Yoast SEO plugin. -->","yoast_head_json":{"title":"Y diweddaraf am Sioe Awyr Cymru 2021 - Wales Airshow","robots":{"index":"index","follow":"follow","max-snippet":"max-snippet:-1","max-image-preview":"max-image-preview:large","max-video-preview":"max-video-preview:-1"},"canonical":"https:\/\/www.walesnationalairshow.com\/cy\/airshow-news-cy\/y-diweddaraf-am-sioe-awyr-cymru-2021\/","og_locale":"en_US","og_type":"article","og_title":"Y diweddaraf am Sioe Awyr Cymru 2021 - Wales Airshow","og_description":"Bydd rhai o&#8217;r awyrennau a&#8217;r sioeau styntiau awyr gorau erioed yn hedfan fry dros Abertawe&#8217;r haf nesaf ar \u00f4l i&#8217;r pandemig ein gorfodi i ganslo Sioe Awyr Cymru eleni. Mae&#8217;n golygu y bydd y sioe awyr fwyaf erioed yn hanes Sioe Awyr Cymru&#8217;n dychwelyd ar 2 a 3 Gorffennaf, 2022. Daw&#8217;r penderfyniad ar \u00f4l i [&hellip;]","og_url":"https:\/\/www.walesnationalairshow.com\/cy\/airshow-news-cy\/y-diweddaraf-am-sioe-awyr-cymru-2021\/","og_site_name":"Wales Airshow","article_publisher":"https:\/\/www.facebook.com\/WalesNationalAirShow\/","article_published_time":"2021-05-27T10:40:33+00:00","article_modified_time":"2021-05-27T10:47:10+00:00","og_image":[{"width":1199,"height":790,"url":"https:\/\/www.walesnationalairshow.com\/wp-content\/uploads\/2021\/05\/airshow-packed.jpg","type":"image\/jpeg"}],"author":"Chris Williams","twitter_misc":{"Written by":"Chris Williams","Est. reading time":"3 munud"},"schema":{"@context":"https:\/\/schema.org","@graph":[{"@type":"WebPage","@id":"https:\/\/www.walesnationalairshow.com\/cy\/airshow-news-cy\/y-diweddaraf-am-sioe-awyr-cymru-2021\/","url":"https:\/\/www.walesnationalairshow.com\/cy\/airshow-news-cy\/y-diweddaraf-am-sioe-awyr-cymru-2021\/","name":"Y diweddaraf am Sioe Awyr Cymru 2021 - Wales Airshow","isPartOf":{"@id":"https:\/\/www.walesnationalairshow.com\/#website"},"primaryImageOfPage":{"@id":"https:\/\/www.walesnationalairshow.com\/cy\/airshow-news-cy\/y-diweddaraf-am-sioe-awyr-cymru-2021\/#primaryimage"},"image":{"@id":"https:\/\/www.walesnationalairshow.com\/cy\/airshow-news-cy\/y-diweddaraf-am-sioe-awyr-cymru-2021\/#primaryimage"},"thumbnailUrl":"https:\/\/www.walesnationalairshow.com\/wp-content\/uploads\/2021\/05\/airshow-packed.jpg","datePublished":"2021-05-27T10:40:33+00:00","dateModified":"2021-05-27T10:47:10+00:00","author":{"@id":"https:\/\/www.walesnationalairshow.com\/#\/schema\/person\/8b5b652570b8aac2d93e727b88137a39"},"breadcrumb":{"@id":"https:\/\/www.walesnationalairshow.com\/cy\/airshow-news-cy\/y-diweddaraf-am-sioe-awyr-cymru-2021\/#breadcrumb"},"inLanguage":"cy","potentialAction":[{"@type":"ReadAction","target":["https:\/\/www.walesnationalairshow.com\/cy\/airshow-news-cy\/y-diweddaraf-am-sioe-awyr-cymru-2021\/"]}]},{"@type":"ImageObject","inLanguage":"cy","@id":"https:\/\/www.walesnationalairshow.com\/cy\/airshow-news-cy\/y-diweddaraf-am-sioe-awyr-cymru-2021\/#primaryimage","url":"https:\/\/www.walesnationalairshow.com\/wp-content\/uploads\/2021\/05\/airshow-packed.jpg","contentUrl":"https:\/\/www.walesnationalairshow.com\/wp-content\/uploads\/2021\/05\/airshow-packed.jpg","width":1199,"height":790},{"@type":"BreadcrumbList","@id":"https:\/\/www.walesnationalairshow.com\/cy\/airshow-news-cy\/y-diweddaraf-am-sioe-awyr-cymru-2021\/#breadcrumb","itemListElement":[{"@type":"ListItem","position":1,"name":"Home","item":"https:\/\/www.walesnationalairshow.com\/"},{"@type":"ListItem","position":2,"name":"Y diweddaraf am Sioe Awyr Cymru 2021"}]},{"@type":"WebSite","@id":"https:\/\/www.walesnationalairshow.com\/#website","url":"https:\/\/www.walesnationalairshow.com\/","name":"Wales Airshow","description":"Taking to the skies over Swansea Bay on 25 and 26 July 2026","potentialAction":[{"@type":"SearchAction","target":{"@type":"EntryPoint","urlTemplate":"https:\/\/www.walesnationalairshow.com\/?s={search_term_string}"},"query-input":{"@type":"PropertyValueSpecification","valueRequired":true,"valueName":"search_term_string"}}],"inLanguage":"cy"},{"@type":"Person","@id":"https:\/\/www.walesnationalairshow.com\/#\/schema\/person\/8b5b652570b8aac2d93e727b88137a39","name":"Chris Williams","image":{"@type":"ImageObject","inLanguage":"cy","@id":"https:\/\/www.walesnationalairshow.com\/#\/schema\/person\/image\/","url":"https:\/\/secure.gravatar.com\/avatar\/8a3cd8d142a931c2d5557602a5081d26ad3a1d6e14470411bbcf757f72a21b83?s=96&d=mm&r=g","contentUrl":"https:\/\/secure.gravatar.com\/avatar\/8a3cd8d142a931c2d5557602a5081d26ad3a1d6e14470411bbcf757f72a21b83?s=96&d=mm&r=g","caption":"Chris Williams"},"url":"https:\/\/www.walesnationalairshow.com\/cy\/author\/chriswilliams\/"}]}},"_links":{"self":[{"href":"https:\/\/www.walesnationalairshow.com\/cy\/wp-json\/wp\/v2\/posts\/9473","targetHints":{"allow":["GET"]}}],"collection":[{"href":"https:\/\/www.walesnationalairshow.com\/cy\/wp-json\/wp\/v2\/posts"}],"about":[{"href":"https:\/\/www.walesnationalairshow.com\/cy\/wp-json\/wp\/v2\/types\/post"}],"author":[{"embeddable":true,"href":"https:\/\/www.walesnationalairshow.com\/cy\/wp-json\/wp\/v2\/users\/9"}],"replies":[{"embeddable":true,"href":"https:\/\/www.walesnationalairshow.com\/cy\/wp-json\/wp\/v2\/comments?post=9473"}],"version-history":[{"count":3,"href":"https:\/\/www.walesnationalairshow.com\/cy\/wp-json\/wp\/v2\/posts\/9473\/revisions"}],"predecessor-version":[{"id":9483,"href":"https:\/\/www.walesnationalairshow.com\/cy\/wp-json\/wp\/v2\/posts\/9473\/revisions\/9483"}],"wp:featuredmedia":[{"embeddable":true,"href":"https:\/\/www.walesnationalairshow.com\/cy\/wp-json\/wp\/v2\/media\/9485"}],"wp:attachment":[{"href":"https:\/\/www.walesnationalairshow.com\/cy\/wp-json\/wp\/v2\/media?parent=9473"}],"wp:term":[{"taxonomy":"category","embeddable":true,"href":"https:\/\/www.walesnationalairshow.com\/cy\/wp-json\/wp\/v2\/categories?post=9473"},{"taxonomy":"post_tag","embeddable":true,"href":"https:\/\/www.walesnationalairshow.com\/cy\/wp-json\/wp\/v2\/tags?post=9473"}],"curies":[{"name":"wp","href":"https:\/\/api.w.org\/{rel}","templated":true}]}}