{"id":7494,"date":"2018-05-31T13:33:25","date_gmt":"2018-05-31T13:33:25","guid":{"rendered":"http:\/\/www.walesnationalairshow.com\/?p=7494"},"modified":"2018-06-04T08:30:27","modified_gmt":"2018-06-04T08:30:27","slug":"dim-arddangos-aerosuperbatics","status":"publish","type":"post","link":"https:\/\/www.walesnationalairshow.com\/cy\/airshow-news-cy\/dim-arddangos-aerosuperbatics\/","title":{"rendered":"D\u00eem Arddangos Aerosuperbatics"},"content":{"rendered":"<figure id=\"attachment_7484\" aria-describedby=\"caption-attachment-7484\" style=\"width: 408px\" class=\"wp-caption alignright\"><img loading=\"lazy\" decoding=\"async\" class=\"wp-image-7484\" src=\"http:\/\/www.walesnationalairshow.com\/wp-content\/uploads\/2018\/05\/Wingwalkers.png\" alt=\"\" width=\"408\" height=\"283\" srcset=\"https:\/\/www.walesnationalairshow.com\/wp-content\/uploads\/2018\/05\/Wingwalkers.png 1200w, https:\/\/www.walesnationalairshow.com\/wp-content\/uploads\/2018\/05\/Wingwalkers-300x208.png 300w\" sizes=\"auto, (max-width: 408px) 100vw, 408px\" \/><figcaption id=\"caption-attachment-7484\" class=\"wp-caption-text\">Photo &#8211; Darren Harbar<\/figcaption><\/figure>\n<p>Mae acrobatiaid awyrofod yn bwriadu cyflwyno perfformiad syfrdanol yn Sioe Awyr Cymru fis nesaf.<\/p>\n<p>Bydd cerddwyr adenydd o D\u00eem Arddangos Aerosuperbatics yn serennu ar awyrennau st\u1ef3nt dwbl yn uchel uwchben Bae Abertawe fel rhan o ddigwyddiad mwyaf am ddim Cymru eleni.<\/p>\n<p>Mae Sioe Awyr Cymru eisoes wedi cadarnhau y bydd y Red Arrows, Hediad Coffa Brwydr Prydain a th\u00eem arddangos Typhoon yr Awyrlu Brenhinol yn dychwelyd eleni.<\/p>\n<p>Meddai&#8217;r Cyng. Robert Francis-Davies, Aelod Cabinet dros Ddiwylliant, Twristiaeth a Phrosiectau Mawr, &#8220;Mae cerdded ar adenydd yn olygfa feiddgar a bydd yn ychwanegu at gynnwrf y penwythnos gwych hwn ar gyfer y teulu cyfan.<\/p>\n<p>&#8220;Mae t\u00eem yr Aerosuperbatics yn enwog mewn arddangosfeydd ledled y byd o Tsiena i Awstralia a\u2019r Dwyrain Canol, felly mae&#8217;n wych ei fod hefyd yn ymweld ag Abertawe eleni.&#8221;<\/p>\n<p>Mae Sioe Awyr Cymru yn ddigwyddiad blaenllaw yng nghalendr digwyddiadau&#8217;r ddinas. Y llynedd denodd tua 250,000 o bobl bob cwr o dde Cymru a&#8217;r DU i\u2019r ddinas.<\/p>\n<figure id=\"attachment_7488\" aria-describedby=\"caption-attachment-7488\" style=\"width: 406px\" class=\"wp-caption alignleft\"><img loading=\"lazy\" decoding=\"async\" class=\" wp-image-7488\" src=\"http:\/\/www.walesnationalairshow.com\/wp-content\/uploads\/2018\/05\/Photographer-Matt-Pearson-Breitling-Wingwalkers.png\" alt=\"\" width=\"406\" height=\"242\" srcset=\"https:\/\/www.walesnationalairshow.com\/wp-content\/uploads\/2018\/05\/Photographer-Matt-Pearson-Breitling-Wingwalkers.png 1200w, https:\/\/www.walesnationalairshow.com\/wp-content\/uploads\/2018\/05\/Photographer-Matt-Pearson-Breitling-Wingwalkers-300x179.png 300w\" sizes=\"auto, (max-width: 406px) 100vw, 406px\" \/><figcaption id=\"caption-attachment-7488\" class=\"wp-caption-text\">Photo &#8211; Matt Pearson<\/figcaption><\/figure>\n<p>Yn ogystal \u00e2\u2019r adloniant o safon ryngwladol yn yr awyr, bydd hefyd digonedd o ddigwyddiadau ar y ddaear i ymwelwyr eu mwynhau.<\/p>\n<p>Meddai&#8217;r Cyng. Francis-Davies, &#8220;Yn ogystal \u00e2 chreu penwythnos llawn busnes i&#8217;n masnachwyr, mae Sioe Awyr Cymru&#8217;n helpu i gynyddu proffil Abertawe fel dinas sydd \u00e2 digwyddiadau o safon uchel.\u201d<\/p>\n<p>Ynghyd \u00e2 dychweliad y Red Arrows bydd perfformiadau cyntaf i awyren f\u00f4r Catalina a Th\u00eem Rhyfel Mawr Bremont hefyd a fydd yn helpu i ddathlu canmlwyddiant yr Awyrlu Brenhinol a diwedd y Rhyfel Byd Cyntaf.<\/p>\n<p>Caiff amserlen ddynamig o amserau arddangos ei hychwanegu at ap Sioe Awyr Cymru ychydig ddiwrnodau cyn y digwyddiad am ddim.<\/p>\n<p>Bydd yr <a href=\"http:\/\/www.walesnationalairshow.com\/airshow-news\/download-official-wnas16-app\/\">ap<\/a>, sydd bellach ar gael, yn cael ei ddiweddaru mewn amser go iawn i adlewyrchu newidiadau yn amserlen y digwyddiad a all godi oherwydd y tywydd a ffactorau eraill.<\/p>\n","protected":false},"excerpt":{"rendered":"<p>Mae acrobatiaid awyrofod yn bwriadu cyflwyno perfformiad syfrdanol yn Sioe Awyr Cymru fis nesaf.\u00a0 \u00a0<\/p>\n","protected":false},"author":9,"featured_media":0,"comment_status":"closed","ping_status":"closed","sticky":false,"template":"","format":"standard","meta":{"_monsterinsights_skip_tracking":false,"_monsterinsights_sitenote_active":false,"_monsterinsights_sitenote_note":"","_monsterinsights_sitenote_category":0,"_genesis_hide_title":false,"_genesis_hide_breadcrumbs":false,"_genesis_hide_singular_image":false,"_genesis_hide_footer_widgets":false,"_genesis_custom_body_class":"","_genesis_custom_post_class":"","_genesis_layout":"","footnotes":""},"categories":[26],"tags":[],"class_list":{"0":"post-7494","1":"post","2":"type-post","3":"status-publish","4":"format-standard","6":"category-airshow-news-cy","7":"entry"},"yoast_head":"<!-- This site is optimized with the Yoast SEO plugin v25.3.1 - https:\/\/yoast.com\/wordpress\/plugins\/seo\/ -->\n<title>D\u00eem Arddangos Aerosuperbatics - Wales Airshow<\/title>\n<meta name=\"robots\" content=\"index, follow, max-snippet:-1, max-image-preview:large, max-video-preview:-1\" \/>\n<link rel=\"canonical\" href=\"https:\/\/www.walesnationalairshow.com\/airshow-news\/aerosuperbatics-wing-walkers-confirmed-for-2018\/\" \/>\n<meta property=\"og:locale\" content=\"en_US\" \/>\n<meta property=\"og:type\" content=\"article\" \/>\n<meta property=\"og:title\" content=\"D\u00eem Arddangos Aerosuperbatics - Wales Airshow\" \/>\n<meta property=\"og:description\" content=\"Mae acrobatiaid awyrofod yn bwriadu cyflwyno perfformiad syfrdanol yn Sioe Awyr Cymru fis nesaf.\u00a0 \u00a0\" \/>\n<meta property=\"og:url\" content=\"https:\/\/www.walesnationalairshow.com\/airshow-news\/aerosuperbatics-wing-walkers-confirmed-for-2018\/\" \/>\n<meta property=\"og:site_name\" content=\"Wales Airshow\" \/>\n<meta property=\"article:publisher\" content=\"https:\/\/www.facebook.com\/WalesNationalAirShow\/\" \/>\n<meta property=\"article:published_time\" content=\"2018-05-31T13:33:25+00:00\" \/>\n<meta property=\"article:modified_time\" content=\"2018-06-04T08:30:27+00:00\" \/>\n<meta property=\"og:image\" content=\"http:\/\/www.walesnationalairshow.com\/wp-content\/uploads\/2018\/05\/Wingwalkers.png\" \/>\n<meta name=\"author\" content=\"Chris Williams\" \/>\n<meta name=\"twitter:label1\" content=\"Written by\" \/>\n\t<meta name=\"twitter:data1\" content=\"Chris Williams\" \/>\n\t<meta name=\"twitter:label2\" content=\"Est. reading time\" \/>\n\t<meta name=\"twitter:data2\" content=\"2 funud\" \/>\n<script type=\"application\/ld+json\" class=\"yoast-schema-graph\">{\"@context\":\"https:\/\/schema.org\",\"@graph\":[{\"@type\":\"WebPage\",\"@id\":\"https:\/\/www.walesnationalairshow.com\/airshow-news\/aerosuperbatics-wing-walkers-confirmed-for-2018\/\",\"url\":\"https:\/\/www.walesnationalairshow.com\/airshow-news\/aerosuperbatics-wing-walkers-confirmed-for-2018\/\",\"name\":\"D\u00eem Arddangos Aerosuperbatics - Wales Airshow\",\"isPartOf\":{\"@id\":\"https:\/\/www.walesnationalairshow.com\/#website\"},\"primaryImageOfPage\":{\"@id\":\"https:\/\/www.walesnationalairshow.com\/airshow-news\/aerosuperbatics-wing-walkers-confirmed-for-2018\/#primaryimage\"},\"image\":{\"@id\":\"https:\/\/www.walesnationalairshow.com\/airshow-news\/aerosuperbatics-wing-walkers-confirmed-for-2018\/#primaryimage\"},\"thumbnailUrl\":\"http:\/\/www.walesnationalairshow.com\/wp-content\/uploads\/2018\/05\/Wingwalkers.png\",\"datePublished\":\"2018-05-31T13:33:25+00:00\",\"dateModified\":\"2018-06-04T08:30:27+00:00\",\"author\":{\"@id\":\"https:\/\/www.walesnationalairshow.com\/#\/schema\/person\/8b5b652570b8aac2d93e727b88137a39\"},\"breadcrumb\":{\"@id\":\"https:\/\/www.walesnationalairshow.com\/airshow-news\/aerosuperbatics-wing-walkers-confirmed-for-2018\/#breadcrumb\"},\"inLanguage\":\"cy\",\"potentialAction\":[{\"@type\":\"ReadAction\",\"target\":[\"https:\/\/www.walesnationalairshow.com\/airshow-news\/aerosuperbatics-wing-walkers-confirmed-for-2018\/\"]}]},{\"@type\":\"ImageObject\",\"inLanguage\":\"cy\",\"@id\":\"https:\/\/www.walesnationalairshow.com\/airshow-news\/aerosuperbatics-wing-walkers-confirmed-for-2018\/#primaryimage\",\"url\":\"http:\/\/www.walesnationalairshow.com\/wp-content\/uploads\/2018\/05\/Wingwalkers.png\",\"contentUrl\":\"http:\/\/www.walesnationalairshow.com\/wp-content\/uploads\/2018\/05\/Wingwalkers.png\"},{\"@type\":\"BreadcrumbList\",\"@id\":\"https:\/\/www.walesnationalairshow.com\/airshow-news\/aerosuperbatics-wing-walkers-confirmed-for-2018\/#breadcrumb\",\"itemListElement\":[{\"@type\":\"ListItem\",\"position\":1,\"name\":\"Home\",\"item\":\"https:\/\/www.walesnationalairshow.com\/\"},{\"@type\":\"ListItem\",\"position\":2,\"name\":\"D\u00eem Arddangos Aerosuperbatics\"}]},{\"@type\":\"WebSite\",\"@id\":\"https:\/\/www.walesnationalairshow.com\/#website\",\"url\":\"https:\/\/www.walesnationalairshow.com\/\",\"name\":\"Wales Airshow\",\"description\":\"Taking to the skies over Swansea Bay on 25 and 26 July 2026\",\"potentialAction\":[{\"@type\":\"SearchAction\",\"target\":{\"@type\":\"EntryPoint\",\"urlTemplate\":\"https:\/\/www.walesnationalairshow.com\/?s={search_term_string}\"},\"query-input\":{\"@type\":\"PropertyValueSpecification\",\"valueRequired\":true,\"valueName\":\"search_term_string\"}}],\"inLanguage\":\"cy\"},{\"@type\":\"Person\",\"@id\":\"https:\/\/www.walesnationalairshow.com\/#\/schema\/person\/8b5b652570b8aac2d93e727b88137a39\",\"name\":\"Chris Williams\",\"image\":{\"@type\":\"ImageObject\",\"inLanguage\":\"cy\",\"@id\":\"https:\/\/www.walesnationalairshow.com\/#\/schema\/person\/image\/\",\"url\":\"https:\/\/secure.gravatar.com\/avatar\/8a3cd8d142a931c2d5557602a5081d26ad3a1d6e14470411bbcf757f72a21b83?s=96&d=mm&r=g\",\"contentUrl\":\"https:\/\/secure.gravatar.com\/avatar\/8a3cd8d142a931c2d5557602a5081d26ad3a1d6e14470411bbcf757f72a21b83?s=96&d=mm&r=g\",\"caption\":\"Chris Williams\"},\"url\":\"https:\/\/www.walesnationalairshow.com\/cy\/author\/chriswilliams\/\"}]}<\/script>\n<!-- \/ Yoast SEO plugin. -->","yoast_head_json":{"title":"D\u00eem Arddangos Aerosuperbatics - Wales Airshow","robots":{"index":"index","follow":"follow","max-snippet":"max-snippet:-1","max-image-preview":"max-image-preview:large","max-video-preview":"max-video-preview:-1"},"canonical":"https:\/\/www.walesnationalairshow.com\/airshow-news\/aerosuperbatics-wing-walkers-confirmed-for-2018\/","og_locale":"en_US","og_type":"article","og_title":"D\u00eem Arddangos Aerosuperbatics - Wales Airshow","og_description":"Mae acrobatiaid awyrofod yn bwriadu cyflwyno perfformiad syfrdanol yn Sioe Awyr Cymru fis nesaf.\u00a0 \u00a0","og_url":"https:\/\/www.walesnationalairshow.com\/airshow-news\/aerosuperbatics-wing-walkers-confirmed-for-2018\/","og_site_name":"Wales Airshow","article_publisher":"https:\/\/www.facebook.com\/WalesNationalAirShow\/","article_published_time":"2018-05-31T13:33:25+00:00","article_modified_time":"2018-06-04T08:30:27+00:00","og_image":[{"url":"http:\/\/www.walesnationalairshow.com\/wp-content\/uploads\/2018\/05\/Wingwalkers.png","type":"","width":"","height":""}],"author":"Chris Williams","twitter_misc":{"Written by":"Chris Williams","Est. reading time":"2 funud"},"schema":{"@context":"https:\/\/schema.org","@graph":[{"@type":"WebPage","@id":"https:\/\/www.walesnationalairshow.com\/airshow-news\/aerosuperbatics-wing-walkers-confirmed-for-2018\/","url":"https:\/\/www.walesnationalairshow.com\/airshow-news\/aerosuperbatics-wing-walkers-confirmed-for-2018\/","name":"D\u00eem Arddangos Aerosuperbatics - Wales Airshow","isPartOf":{"@id":"https:\/\/www.walesnationalairshow.com\/#website"},"primaryImageOfPage":{"@id":"https:\/\/www.walesnationalairshow.com\/airshow-news\/aerosuperbatics-wing-walkers-confirmed-for-2018\/#primaryimage"},"image":{"@id":"https:\/\/www.walesnationalairshow.com\/airshow-news\/aerosuperbatics-wing-walkers-confirmed-for-2018\/#primaryimage"},"thumbnailUrl":"http:\/\/www.walesnationalairshow.com\/wp-content\/uploads\/2018\/05\/Wingwalkers.png","datePublished":"2018-05-31T13:33:25+00:00","dateModified":"2018-06-04T08:30:27+00:00","author":{"@id":"https:\/\/www.walesnationalairshow.com\/#\/schema\/person\/8b5b652570b8aac2d93e727b88137a39"},"breadcrumb":{"@id":"https:\/\/www.walesnationalairshow.com\/airshow-news\/aerosuperbatics-wing-walkers-confirmed-for-2018\/#breadcrumb"},"inLanguage":"cy","potentialAction":[{"@type":"ReadAction","target":["https:\/\/www.walesnationalairshow.com\/airshow-news\/aerosuperbatics-wing-walkers-confirmed-for-2018\/"]}]},{"@type":"ImageObject","inLanguage":"cy","@id":"https:\/\/www.walesnationalairshow.com\/airshow-news\/aerosuperbatics-wing-walkers-confirmed-for-2018\/#primaryimage","url":"http:\/\/www.walesnationalairshow.com\/wp-content\/uploads\/2018\/05\/Wingwalkers.png","contentUrl":"http:\/\/www.walesnationalairshow.com\/wp-content\/uploads\/2018\/05\/Wingwalkers.png"},{"@type":"BreadcrumbList","@id":"https:\/\/www.walesnationalairshow.com\/airshow-news\/aerosuperbatics-wing-walkers-confirmed-for-2018\/#breadcrumb","itemListElement":[{"@type":"ListItem","position":1,"name":"Home","item":"https:\/\/www.walesnationalairshow.com\/"},{"@type":"ListItem","position":2,"name":"D\u00eem Arddangos Aerosuperbatics"}]},{"@type":"WebSite","@id":"https:\/\/www.walesnationalairshow.com\/#website","url":"https:\/\/www.walesnationalairshow.com\/","name":"Wales Airshow","description":"Taking to the skies over Swansea Bay on 25 and 26 July 2026","potentialAction":[{"@type":"SearchAction","target":{"@type":"EntryPoint","urlTemplate":"https:\/\/www.walesnationalairshow.com\/?s={search_term_string}"},"query-input":{"@type":"PropertyValueSpecification","valueRequired":true,"valueName":"search_term_string"}}],"inLanguage":"cy"},{"@type":"Person","@id":"https:\/\/www.walesnationalairshow.com\/#\/schema\/person\/8b5b652570b8aac2d93e727b88137a39","name":"Chris Williams","image":{"@type":"ImageObject","inLanguage":"cy","@id":"https:\/\/www.walesnationalairshow.com\/#\/schema\/person\/image\/","url":"https:\/\/secure.gravatar.com\/avatar\/8a3cd8d142a931c2d5557602a5081d26ad3a1d6e14470411bbcf757f72a21b83?s=96&d=mm&r=g","contentUrl":"https:\/\/secure.gravatar.com\/avatar\/8a3cd8d142a931c2d5557602a5081d26ad3a1d6e14470411bbcf757f72a21b83?s=96&d=mm&r=g","caption":"Chris Williams"},"url":"https:\/\/www.walesnationalairshow.com\/cy\/author\/chriswilliams\/"}]}},"_links":{"self":[{"href":"https:\/\/www.walesnationalairshow.com\/cy\/wp-json\/wp\/v2\/posts\/7494","targetHints":{"allow":["GET"]}}],"collection":[{"href":"https:\/\/www.walesnationalairshow.com\/cy\/wp-json\/wp\/v2\/posts"}],"about":[{"href":"https:\/\/www.walesnationalairshow.com\/cy\/wp-json\/wp\/v2\/types\/post"}],"author":[{"embeddable":true,"href":"https:\/\/www.walesnationalairshow.com\/cy\/wp-json\/wp\/v2\/users\/9"}],"replies":[{"embeddable":true,"href":"https:\/\/www.walesnationalairshow.com\/cy\/wp-json\/wp\/v2\/comments?post=7494"}],"version-history":[{"count":1,"href":"https:\/\/www.walesnationalairshow.com\/cy\/wp-json\/wp\/v2\/posts\/7494\/revisions"}],"predecessor-version":[{"id":7495,"href":"https:\/\/www.walesnationalairshow.com\/cy\/wp-json\/wp\/v2\/posts\/7494\/revisions\/7495"}],"wp:attachment":[{"href":"https:\/\/www.walesnationalairshow.com\/cy\/wp-json\/wp\/v2\/media?parent=7494"}],"wp:term":[{"taxonomy":"category","embeddable":true,"href":"https:\/\/www.walesnationalairshow.com\/cy\/wp-json\/wp\/v2\/categories?post=7494"},{"taxonomy":"post_tag","embeddable":true,"href":"https:\/\/www.walesnationalairshow.com\/cy\/wp-json\/wp\/v2\/tags?post=7494"}],"curies":[{"name":"wp","href":"https:\/\/api.w.org\/{rel}","templated":true}]}}