{"id":5039,"date":"2016-04-26T11:01:56","date_gmt":"2016-04-26T11:01:56","guid":{"rendered":"http:\/\/www.walesnationalairshow.com\/?p=5039&#038;lang=cy"},"modified":"2016-04-26T11:06:15","modified_gmt":"2016-04-26T11:06:15","slug":"tim-raven-ymddangos-yn-sioe-awyr-genedlaethol-cymru","status":"publish","type":"post","link":"https:\/\/www.walesnationalairshow.com\/cy\/newyddion\/tim-raven-ymddangos-yn-sioe-awyr-genedlaethol-cymru\/","title":{"rendered":"T\u00eem Raven i ymddangos yn Sioe Awyr Genedlaethol Cymru"},"content":{"rendered":"<p>Bydd peilotiaid lleol, anturus yn esgyn i&#8217;r awyr uwchben Bae Abertawe i ddifyrru miloedd o bobl yr haf hwn.<\/p>\n<p>Mae Cyngor Abertawe bellach wedi cadarnhau y bydd T\u00eem Raven yn cymryd rhan yn Sioe Awyr Genedlaethol Cymru a gynhelir ar benwythnos dydd Sadwrn 2 Gorffennaf a dydd Sul 3 Gorffennaf.<\/p>\n<p>T\u00eem arddangos erobateg patrymog yw T\u00eem Raven a gafodd ei ffurfio ym mis Mai 2014 ar \u00f4l i D\u00eem Osprey a Th\u00eem Viper chwalu.<\/p>\n<p>Mae&#8217;r cadarnhad y bydd y t\u00eem yn ymddangos yn sioe awyr am ddim eleni yn dilyn newyddion y bydd y Red Arrows ac Eurofighter Typhoon yn cymryd rhan hefyd.<\/p>\n<p>Caiff mwy o awyrennau ac adloniant eu cadarnhau dros yr wythnosau a&#8217;r misoedd i ddod wrth i Gyngor Abertawe geisio gwneud y sioe awyr yn ddigwyddiad blynyddol.<\/p>\n<p>Denodd sioe awyr y llynedd fwy na 170,000 o wylwyr, gan greu dros \u00a37.6 miliwn i economi Abertawe.<\/p>\n<p>Meddai Frances Jenkins, Rheolwr Strategol Cyngor Abertawe ar gyfer Diwylliant, Twristiaeth, Marchnata a Digwyddiadau, &#8220;Mae&#8217;n newyddion gwych fod T\u00eem Raven bellach wedi cadarnhau ei fod yn cymryd rhan yn sioe awyr yr haf hwn.<\/p>\n<p>&#8220;Roedd y t\u00eem yn boblogaidd iawn pan gymerodd ran yn sioe awyr y llynedd, ac mae&#8217;r ffaith ei fod yn cymryd rhan yn golygu y bydd y digwyddiad unwaith eto&#8217;n arddangos doniau lleol, yn ogystal \u00e2 pheilotiaid ac awyrennau o bob rhan o&#8217;r DU a thramor.<\/p>\n<p>&#8220;Mae Sioe Awyr Genedlaethol Cymru yn ddigwyddiad pwysig am sawl rheswm. Nid yn unig y mae&#8217;n rhoi gwledd benigamp i&#8217;r llygaid i bobl leol ar garreg eu drws, ond mae hefyd yn denu miloedd o ymwelwyr, gan helpu i gynyddu gwariant yn ein gwestai, ein siopau, ein tafarndai, ein bwytai ac mewn busnesau lleol eraill.<\/p>\n<p>&#8220;Rydym am sicrhau bod y digwyddiad yn ysgogi&#8217;r economi ymwelwyr. Dyna pam rydym am ei wneud yn ddigwyddiad blynyddol yn Abertawe i sicrhau bod pobl yn cynllunio i aros yma yn ystod cyfnod y digwyddiad bob blwyddyn gan gefnogi cynaladwyedd y sector twristiaeth.<\/p>\n<p>&#8220;Gallwn sicrhau&#8217;r hai sy&#8217;n dwlu ar sioeau awyr ein bod yn dal i ddatblygu&#8217;r rhestr derfynol o berfformwyr eleni, a chaiff manylion awyrennau ac atyniadau eraill eu cadarnhau wedi i ni ei chwblhau.<\/p>\n<p>Mae&#8217;r Red Arrows, a ffurfiwyd ym 1964, wedi perfformio mwy na 4,700 o arddangosiadau mewn 56 o wledydd ym mhedwar ban byd. Mae&#8217;r Eurofighter Typhoon, jet ymladd arloesol, yn gallu hedfan ar gyflymder o oddeutu 1,000mya heb \u00f4l-losgwyr.<\/p>\n<p>Cadwch lygad ar <a href=\"http:\/\/www.walesnationalairshow.com\">www.sioeawyrcymru.com<\/a> am y newyddion diweddaraf.<\/p>\n","protected":false},"excerpt":{"rendered":"<p>Bydd peilotiaid lleol, anturus yn esgyn i&#8217;r awyr uwchben Bae Abertawe i ddifyrru miloedd o bobl yr haf hwn. Mae Cyngor Abertawe bellach wedi cadarnhau y bydd T\u00eem Raven yn cymryd rhan yn Sioe Awyr Genedlaethol Cymru a gynhelir ar benwythnos dydd Sadwrn 2 Gorffennaf a dydd Sul 3 Gorffennaf. T\u00eem arddangos erobateg patrymog yw [&hellip;]<\/p>\n","protected":false},"author":9,"featured_media":5037,"comment_status":"closed","ping_status":"closed","sticky":false,"template":"","format":"standard","meta":{"_monsterinsights_skip_tracking":false,"_monsterinsights_sitenote_active":false,"_monsterinsights_sitenote_note":"","_monsterinsights_sitenote_category":0,"_genesis_hide_title":false,"_genesis_hide_breadcrumbs":false,"_genesis_hide_singular_image":false,"_genesis_hide_footer_widgets":false,"_genesis_custom_body_class":"","_genesis_custom_post_class":"","_genesis_layout":"","footnotes":""},"categories":[15],"tags":[],"class_list":{"0":"post-5039","1":"post","2":"type-post","3":"status-publish","4":"format-standard","5":"has-post-thumbnail","7":"category-newyddion","8":"entry"},"yoast_head":"<!-- This site is optimized with the Yoast SEO plugin v25.3.1 - https:\/\/yoast.com\/wordpress\/plugins\/seo\/ -->\n<title>T\u00eem Raven i ymddangos yn Sioe Awyr Genedlaethol Cymru - Wales Airshow<\/title>\n<meta name=\"robots\" content=\"index, follow, max-snippet:-1, max-image-preview:large, max-video-preview:-1\" \/>\n<link rel=\"canonical\" href=\"https:\/\/www.walesnationalairshow.com\/airshow-news\/5036\/\" \/>\n<meta property=\"og:locale\" content=\"en_US\" \/>\n<meta property=\"og:type\" content=\"article\" \/>\n<meta property=\"og:title\" content=\"T\u00eem Raven i ymddangos yn Sioe Awyr Genedlaethol Cymru - Wales Airshow\" \/>\n<meta property=\"og:description\" content=\"Bydd peilotiaid lleol, anturus yn esgyn i&#8217;r awyr uwchben Bae Abertawe i ddifyrru miloedd o bobl yr haf hwn. Mae Cyngor Abertawe bellach wedi cadarnhau y bydd T\u00eem Raven yn cymryd rhan yn Sioe Awyr Genedlaethol Cymru a gynhelir ar benwythnos dydd Sadwrn 2 Gorffennaf a dydd Sul 3 Gorffennaf. T\u00eem arddangos erobateg patrymog yw [&hellip;]\" \/>\n<meta property=\"og:url\" content=\"https:\/\/www.walesnationalairshow.com\/airshow-news\/5036\/\" \/>\n<meta property=\"og:site_name\" content=\"Wales Airshow\" \/>\n<meta property=\"article:publisher\" content=\"https:\/\/www.facebook.com\/WalesNationalAirShow\/\" \/>\n<meta property=\"article:published_time\" content=\"2016-04-26T11:01:56+00:00\" \/>\n<meta property=\"article:modified_time\" content=\"2016-04-26T11:06:15+00:00\" \/>\n<meta property=\"og:image\" content=\"https:\/\/www.walesnationalairshow.com\/wp-content\/uploads\/2016\/04\/team-raven.jpg\" \/>\n\t<meta property=\"og:image:width\" content=\"1200\" \/>\n\t<meta property=\"og:image:height\" content=\"400\" \/>\n\t<meta property=\"og:image:type\" content=\"image\/jpeg\" \/>\n<meta name=\"author\" content=\"Chris Williams\" \/>\n<meta name=\"twitter:label1\" content=\"Written by\" \/>\n\t<meta name=\"twitter:data1\" content=\"Chris Williams\" \/>\n\t<meta name=\"twitter:label2\" content=\"Est. reading time\" \/>\n\t<meta name=\"twitter:data2\" content=\"2 funud\" \/>\n<script type=\"application\/ld+json\" class=\"yoast-schema-graph\">{\"@context\":\"https:\/\/schema.org\",\"@graph\":[{\"@type\":\"WebPage\",\"@id\":\"https:\/\/www.walesnationalairshow.com\/airshow-news\/5036\/\",\"url\":\"https:\/\/www.walesnationalairshow.com\/airshow-news\/5036\/\",\"name\":\"T\u00eem Raven i ymddangos yn Sioe Awyr Genedlaethol Cymru - Wales Airshow\",\"isPartOf\":{\"@id\":\"https:\/\/www.walesnationalairshow.com\/#website\"},\"primaryImageOfPage\":{\"@id\":\"https:\/\/www.walesnationalairshow.com\/airshow-news\/5036\/#primaryimage\"},\"image\":{\"@id\":\"https:\/\/www.walesnationalairshow.com\/airshow-news\/5036\/#primaryimage\"},\"thumbnailUrl\":\"https:\/\/www.walesnationalairshow.com\/wp-content\/uploads\/2016\/04\/team-raven.jpg\",\"datePublished\":\"2016-04-26T11:01:56+00:00\",\"dateModified\":\"2016-04-26T11:06:15+00:00\",\"author\":{\"@id\":\"https:\/\/www.walesnationalairshow.com\/#\/schema\/person\/8b5b652570b8aac2d93e727b88137a39\"},\"breadcrumb\":{\"@id\":\"https:\/\/www.walesnationalairshow.com\/airshow-news\/5036\/#breadcrumb\"},\"inLanguage\":\"cy\",\"potentialAction\":[{\"@type\":\"ReadAction\",\"target\":[\"https:\/\/www.walesnationalairshow.com\/airshow-news\/5036\/\"]}]},{\"@type\":\"ImageObject\",\"inLanguage\":\"cy\",\"@id\":\"https:\/\/www.walesnationalairshow.com\/airshow-news\/5036\/#primaryimage\",\"url\":\"https:\/\/www.walesnationalairshow.com\/wp-content\/uploads\/2016\/04\/team-raven.jpg\",\"contentUrl\":\"https:\/\/www.walesnationalairshow.com\/wp-content\/uploads\/2016\/04\/team-raven.jpg\",\"width\":1200,\"height\":400,\"caption\":\"Team Raven - Air Display Team\"},{\"@type\":\"BreadcrumbList\",\"@id\":\"https:\/\/www.walesnationalairshow.com\/airshow-news\/5036\/#breadcrumb\",\"itemListElement\":[{\"@type\":\"ListItem\",\"position\":1,\"name\":\"Home\",\"item\":\"https:\/\/www.walesnationalairshow.com\/\"},{\"@type\":\"ListItem\",\"position\":2,\"name\":\"T\u00eem Raven i ymddangos yn Sioe Awyr Genedlaethol Cymru\"}]},{\"@type\":\"WebSite\",\"@id\":\"https:\/\/www.walesnationalairshow.com\/#website\",\"url\":\"https:\/\/www.walesnationalairshow.com\/\",\"name\":\"Wales Airshow\",\"description\":\"Taking to the skies over Swansea Bay on 25 and 26 July 2026\",\"potentialAction\":[{\"@type\":\"SearchAction\",\"target\":{\"@type\":\"EntryPoint\",\"urlTemplate\":\"https:\/\/www.walesnationalairshow.com\/?s={search_term_string}\"},\"query-input\":{\"@type\":\"PropertyValueSpecification\",\"valueRequired\":true,\"valueName\":\"search_term_string\"}}],\"inLanguage\":\"cy\"},{\"@type\":\"Person\",\"@id\":\"https:\/\/www.walesnationalairshow.com\/#\/schema\/person\/8b5b652570b8aac2d93e727b88137a39\",\"name\":\"Chris Williams\",\"image\":{\"@type\":\"ImageObject\",\"inLanguage\":\"cy\",\"@id\":\"https:\/\/www.walesnationalairshow.com\/#\/schema\/person\/image\/\",\"url\":\"https:\/\/secure.gravatar.com\/avatar\/8a3cd8d142a931c2d5557602a5081d26ad3a1d6e14470411bbcf757f72a21b83?s=96&d=mm&r=g\",\"contentUrl\":\"https:\/\/secure.gravatar.com\/avatar\/8a3cd8d142a931c2d5557602a5081d26ad3a1d6e14470411bbcf757f72a21b83?s=96&d=mm&r=g\",\"caption\":\"Chris Williams\"},\"url\":\"https:\/\/www.walesnationalairshow.com\/cy\/author\/chriswilliams\/\"}]}<\/script>\n<!-- \/ Yoast SEO plugin. -->","yoast_head_json":{"title":"T\u00eem Raven i ymddangos yn Sioe Awyr Genedlaethol Cymru - Wales Airshow","robots":{"index":"index","follow":"follow","max-snippet":"max-snippet:-1","max-image-preview":"max-image-preview:large","max-video-preview":"max-video-preview:-1"},"canonical":"https:\/\/www.walesnationalairshow.com\/airshow-news\/5036\/","og_locale":"en_US","og_type":"article","og_title":"T\u00eem Raven i ymddangos yn Sioe Awyr Genedlaethol Cymru - Wales Airshow","og_description":"Bydd peilotiaid lleol, anturus yn esgyn i&#8217;r awyr uwchben Bae Abertawe i ddifyrru miloedd o bobl yr haf hwn. Mae Cyngor Abertawe bellach wedi cadarnhau y bydd T\u00eem Raven yn cymryd rhan yn Sioe Awyr Genedlaethol Cymru a gynhelir ar benwythnos dydd Sadwrn 2 Gorffennaf a dydd Sul 3 Gorffennaf. T\u00eem arddangos erobateg patrymog yw [&hellip;]","og_url":"https:\/\/www.walesnationalairshow.com\/airshow-news\/5036\/","og_site_name":"Wales Airshow","article_publisher":"https:\/\/www.facebook.com\/WalesNationalAirShow\/","article_published_time":"2016-04-26T11:01:56+00:00","article_modified_time":"2016-04-26T11:06:15+00:00","og_image":[{"width":1200,"height":400,"url":"https:\/\/www.walesnationalairshow.com\/wp-content\/uploads\/2016\/04\/team-raven.jpg","type":"image\/jpeg"}],"author":"Chris Williams","twitter_misc":{"Written by":"Chris Williams","Est. reading time":"2 funud"},"schema":{"@context":"https:\/\/schema.org","@graph":[{"@type":"WebPage","@id":"https:\/\/www.walesnationalairshow.com\/airshow-news\/5036\/","url":"https:\/\/www.walesnationalairshow.com\/airshow-news\/5036\/","name":"T\u00eem Raven i ymddangos yn Sioe Awyr Genedlaethol Cymru - Wales Airshow","isPartOf":{"@id":"https:\/\/www.walesnationalairshow.com\/#website"},"primaryImageOfPage":{"@id":"https:\/\/www.walesnationalairshow.com\/airshow-news\/5036\/#primaryimage"},"image":{"@id":"https:\/\/www.walesnationalairshow.com\/airshow-news\/5036\/#primaryimage"},"thumbnailUrl":"https:\/\/www.walesnationalairshow.com\/wp-content\/uploads\/2016\/04\/team-raven.jpg","datePublished":"2016-04-26T11:01:56+00:00","dateModified":"2016-04-26T11:06:15+00:00","author":{"@id":"https:\/\/www.walesnationalairshow.com\/#\/schema\/person\/8b5b652570b8aac2d93e727b88137a39"},"breadcrumb":{"@id":"https:\/\/www.walesnationalairshow.com\/airshow-news\/5036\/#breadcrumb"},"inLanguage":"cy","potentialAction":[{"@type":"ReadAction","target":["https:\/\/www.walesnationalairshow.com\/airshow-news\/5036\/"]}]},{"@type":"ImageObject","inLanguage":"cy","@id":"https:\/\/www.walesnationalairshow.com\/airshow-news\/5036\/#primaryimage","url":"https:\/\/www.walesnationalairshow.com\/wp-content\/uploads\/2016\/04\/team-raven.jpg","contentUrl":"https:\/\/www.walesnationalairshow.com\/wp-content\/uploads\/2016\/04\/team-raven.jpg","width":1200,"height":400,"caption":"Team Raven - Air Display Team"},{"@type":"BreadcrumbList","@id":"https:\/\/www.walesnationalairshow.com\/airshow-news\/5036\/#breadcrumb","itemListElement":[{"@type":"ListItem","position":1,"name":"Home","item":"https:\/\/www.walesnationalairshow.com\/"},{"@type":"ListItem","position":2,"name":"T\u00eem Raven i ymddangos yn Sioe Awyr Genedlaethol Cymru"}]},{"@type":"WebSite","@id":"https:\/\/www.walesnationalairshow.com\/#website","url":"https:\/\/www.walesnationalairshow.com\/","name":"Wales Airshow","description":"Taking to the skies over Swansea Bay on 25 and 26 July 2026","potentialAction":[{"@type":"SearchAction","target":{"@type":"EntryPoint","urlTemplate":"https:\/\/www.walesnationalairshow.com\/?s={search_term_string}"},"query-input":{"@type":"PropertyValueSpecification","valueRequired":true,"valueName":"search_term_string"}}],"inLanguage":"cy"},{"@type":"Person","@id":"https:\/\/www.walesnationalairshow.com\/#\/schema\/person\/8b5b652570b8aac2d93e727b88137a39","name":"Chris Williams","image":{"@type":"ImageObject","inLanguage":"cy","@id":"https:\/\/www.walesnationalairshow.com\/#\/schema\/person\/image\/","url":"https:\/\/secure.gravatar.com\/avatar\/8a3cd8d142a931c2d5557602a5081d26ad3a1d6e14470411bbcf757f72a21b83?s=96&d=mm&r=g","contentUrl":"https:\/\/secure.gravatar.com\/avatar\/8a3cd8d142a931c2d5557602a5081d26ad3a1d6e14470411bbcf757f72a21b83?s=96&d=mm&r=g","caption":"Chris Williams"},"url":"https:\/\/www.walesnationalairshow.com\/cy\/author\/chriswilliams\/"}]}},"_links":{"self":[{"href":"https:\/\/www.walesnationalairshow.com\/cy\/wp-json\/wp\/v2\/posts\/5039","targetHints":{"allow":["GET"]}}],"collection":[{"href":"https:\/\/www.walesnationalairshow.com\/cy\/wp-json\/wp\/v2\/posts"}],"about":[{"href":"https:\/\/www.walesnationalairshow.com\/cy\/wp-json\/wp\/v2\/types\/post"}],"author":[{"embeddable":true,"href":"https:\/\/www.walesnationalairshow.com\/cy\/wp-json\/wp\/v2\/users\/9"}],"replies":[{"embeddable":true,"href":"https:\/\/www.walesnationalairshow.com\/cy\/wp-json\/wp\/v2\/comments?post=5039"}],"version-history":[{"count":1,"href":"https:\/\/www.walesnationalairshow.com\/cy\/wp-json\/wp\/v2\/posts\/5039\/revisions"}],"predecessor-version":[{"id":5040,"href":"https:\/\/www.walesnationalairshow.com\/cy\/wp-json\/wp\/v2\/posts\/5039\/revisions\/5040"}],"wp:featuredmedia":[{"embeddable":true,"href":"https:\/\/www.walesnationalairshow.com\/cy\/wp-json\/wp\/v2\/media\/5037"}],"wp:attachment":[{"href":"https:\/\/www.walesnationalairshow.com\/cy\/wp-json\/wp\/v2\/media?parent=5039"}],"wp:term":[{"taxonomy":"category","embeddable":true,"href":"https:\/\/www.walesnationalairshow.com\/cy\/wp-json\/wp\/v2\/categories?post=5039"},{"taxonomy":"post_tag","embeddable":true,"href":"https:\/\/www.walesnationalairshow.com\/cy\/wp-json\/wp\/v2\/tags?post=5039"}],"curies":[{"name":"wp","href":"https:\/\/api.w.org\/{rel}","templated":true}]}}